{"id":910,"date":"2023-11-29T12:52:57","date_gmt":"2023-11-29T12:52:57","guid":{"rendered":"https:\/\/afgrijo.pt\/wp\/?p=910"},"modified":"2023-12-19T17:26:51","modified_gmt":"2023-12-19T17:26:51","slug":"assembleia-geral-ordinaria","status":"publish","type":"post","link":"https:\/\/afgrijo.pt\/wp\/assembleia-geral-ordinaria\/","title":{"rendered":"Assembleia Geral Ordin\u00e1ria"},"content":{"rendered":"<p>Assembleia Geral Ordin\u00e1ria, realizada no dia 25 de novembro de 2023, pelas 09h30, na Sede de \u201c<em>A Familiar de Grij\u00f3 \u2013 Associa\u00e7\u00e3o Mutualista\u201d<\/em>, sita no Largo da Associa\u00e7\u00e3o, n.\u00ba 85, freguesia de Grij\u00f3, concelho de Vila Nova de Gaia, distrito do Porto, com a seguinte ordem de trabalhos:<\/p>\n<ol>\n<li><em>Aprecia\u00e7\u00e3o, discuss\u00e3o e vota\u00e7\u00e3o do Programa de A\u00e7\u00e3o e Or\u00e7amento para o ano de 2024, o qual vai acompanhado do respetivo Parecer do Conselho Fiscal.<\/em><\/li>\n<li><em>Deliberar sobre a proposta do conselho de administra\u00e7\u00e3o de renova\u00e7\u00e3o da marca\/log\u00f3tipo institucional da Associa\u00e7\u00e3o.<\/em><\/li>\n<li><em>Outros assuntos de interesse.<\/em><\/li>\n<\/ol>\n","protected":false},"excerpt":{"rendered":"<p>Assembleia Geral Ordin\u00e1ria, realizada no dia 25 de novembro de 2023, pelas 09h30, na Sede de \u201cA Familiar de Grij\u00f3 \u2013 Associa\u00e7\u00e3o Mutualista\u201d, sita no Largo da Associa\u00e7\u00e3o, n.\u00ba 85, freguesia de Grij\u00f3, concelho de Vila Nova de Gaia, distrito do Porto, com a seguinte ordem de trabalhos: Aprecia\u00e7\u00e3o, discuss\u00e3o e vota\u00e7\u00e3o do Programa de [&hellip;]<\/p>\n","protected":false},"author":1,"featured_media":960,"comment_status":"closed","ping_status":"closed","sticky":false,"template":"","format":"standard","meta":{"_uag_custom_page_level_css":"","footnotes":""},"categories":[5],"tags":[],"uagb_featured_image_src":{"full":["https:\/\/afgrijo.pt\/wp\/wp-content\/uploads\/2023\/11\/LogotipoGrijo_NovaVersao2024_NovasCores_Site4.jpg",800,420,false],"thumbnail":["https:\/\/afgrijo.pt\/wp\/wp-content\/uploads\/2023\/11\/LogotipoGrijo_NovaVersao2024_NovasCores_Site4-150x150.jpg",150,150,true],"medium":["https:\/\/afgrijo.pt\/wp\/wp-content\/uploads\/2023\/11\/LogotipoGrijo_NovaVersao2024_NovasCores_Site4-300x158.jpg",300,158,true],"medium_large":["https:\/\/afgrijo.pt\/wp\/wp-content\/uploads\/2023\/11\/LogotipoGrijo_NovaVersao2024_NovasCores_Site4-768x403.jpg",768,403,true],"large":["https:\/\/afgrijo.pt\/wp\/wp-content\/uploads\/2023\/11\/LogotipoGrijo_NovaVersao2024_NovasCores_Site4.jpg",800,420,false],"1536x1536":["https:\/\/afgrijo.pt\/wp\/wp-content\/uploads\/2023\/11\/LogotipoGrijo_NovaVersao2024_NovasCores_Site4.jpg",800,420,false],"2048x2048":["https:\/\/afgrijo.pt\/wp\/wp-content\/uploads\/2023\/11\/LogotipoGrijo_NovaVersao2024_NovasCores_Site4.jpg",800,420,false],"square-about-thumb":["https:\/\/afgrijo.pt\/wp\/wp-content\/uploads\/2023\/11\/LogotipoGrijo_NovaVersao2024_NovasCores_Site4-400x420.jpg",400,420,true],"square-blog-thumb":["https:\/\/afgrijo.pt\/wp\/wp-content\/uploads\/2023\/11\/LogotipoGrijo_NovaVersao2024_NovasCores_Site4.jpg",800,420,false]},"uagb_author_info":{"display_name":"admin_tgg9fx11","author_link":"https:\/\/afgrijo.pt\/wp\/author\/admin_tgg9fx11\/"},"uagb_comment_info":0,"uagb_excerpt":"Assembleia Geral Ordin\u00e1ria, realizada no dia 25 de novembro de 2023, pelas 09h30, na Sede de \u201cA Familiar de Grij\u00f3 \u2013 Associa\u00e7\u00e3o Mutualista\u201d, sita no Largo da Associa\u00e7\u00e3o, n.\u00ba 85, freguesia de Grij\u00f3, concelho de Vila Nova de Gaia, distrito do Porto, com a seguinte ordem de trabalhos: Aprecia\u00e7\u00e3o, discuss\u00e3o e vota\u00e7\u00e3o do Programa de&hellip;","_links":{"self":[{"href":"https:\/\/afgrijo.pt\/wp\/wp-json\/wp\/v2\/posts\/910"}],"collection":[{"href":"https:\/\/afgrijo.pt\/wp\/wp-json\/wp\/v2\/posts"}],"about":[{"href":"https:\/\/afgrijo.pt\/wp\/wp-json\/wp\/v2\/types\/post"}],"author":[{"embeddable":true,"href":"https:\/\/afgrijo.pt\/wp\/wp-json\/wp\/v2\/users\/1"}],"replies":[{"embeddable":true,"href":"https:\/\/afgrijo.pt\/wp\/wp-json\/wp\/v2\/comments?post=910"}],"version-history":[{"count":5,"href":"https:\/\/afgrijo.pt\/wp\/wp-json\/wp\/v2\/posts\/910\/revisions"}],"predecessor-version":[{"id":2160,"href":"https:\/\/afgrijo.pt\/wp\/wp-json\/wp\/v2\/posts\/910\/revisions\/2160"}],"wp:featuredmedia":[{"embeddable":true,"href":"https:\/\/afgrijo.pt\/wp\/wp-json\/wp\/v2\/media\/960"}],"wp:attachment":[{"href":"https:\/\/afgrijo.pt\/wp\/wp-json\/wp\/v2\/media?parent=910"}],"wp:term":[{"taxonomy":"category","embeddable":true,"href":"https:\/\/afgrijo.pt\/wp\/wp-json\/wp\/v2\/categories?post=910"},{"taxonomy":"post_tag","embeddable":true,"href":"https:\/\/afgrijo.pt\/wp\/wp-json\/wp\/v2\/tags?post=910"}],"curies":[{"name":"wp","href":"https:\/\/api.w.org\/{rel}","templated":true}]}}